{"id":899,"date":"2024-07-05T22:09:33","date_gmt":"2024-07-05T22:09:33","guid":{"rendered":"https:\/\/ibrahimturkoglu.com\/?p=899"},"modified":"2024-08-02T11:01:25","modified_gmt":"2024-08-02T11:01:25","slug":"firat-universitesi-rektor-adayligi","status":"publish","type":"post","link":"https:\/\/ibrahimturkoglu.com\/?p=899","title":{"rendered":"F\u0131rat \u00dcniversitesi Rekt\u00f6r Adayl\u0131\u011f\u0131"},"content":{"rendered":"<div class=\"entry\">\n\n\n<p>K\u00f6kl\u00fc bir ge\u00e7mi\u015fe sahip olan F\u0131rat \u00dcniversitesinin, \u00fcretti\u011fi bilgiyi \u015fehrin, b\u00f6lgenin ve \u00fclkenin kalk\u0131nmas\u0131 i\u00e7in ekonomik katma de\u011fere d\u00f6n\u00fc\u015ft\u00fcr\u00fclmesi vizyonu ile \u00fcniversite y\u00f6netimine talibim. Bu \u00e7er\u00e7evede, yar\u0131m asr\u0131 a\u015fan birikimi ile F\u0131rat \u00dcniversitesinin \u00fczerine d\u00fc\u015fen \u00f6nemli g\u00f6revlerden biri \u015fehrimizin ve b\u00f6lgemizin potansiyeli y\u00fcksek \u00f6zelliklerini g\u00fcn y\u00fcz\u00fcne \u00e7\u0131kararak sanayiye ve topluma kazand\u0131rmay\u0131 hedeflemekteyim. M\u00fchendislik alanlar\u0131ndaki birikimi ba\u015fta olmak \u00fczere, F\u0131rat \u00dcniversitesinin art\u0131k bu birikimini i\u00e7inde bulundu\u011fu \u015fehir ve b\u00f6lge ile payla\u015farak,&nbsp; \u00e7evresinde bir sanayi k\u00fcmelemesi olu\u015fturmas\u0131 gerekmektedir. Ara\u015ft\u0131rma fonlar\u0131 ile ilimiz ba\u015fta olmak \u00fczere y\u00fckte hafif pahada k\u0131ymetli \u00fcr\u00fcnlerin geli\u015ftirilmesinde i\u015f d\u00fcnyas\u0131n\u0131n ar-ge istekleri desteklenerek, ilimizin ekonomisinin g\u00fc\u00e7lenmesi, nitelikli insan kayna\u011f\u0131n\u0131n \u015fehrimizde tutulmas\u0131 ve istihdama katk\u0131 verilmesi \u00fcniversitemizin en \u00f6nemli misyonlar\u0131 aras\u0131nda olacakt\u0131r. Bu do\u011frultuda, \u00fcniversitenin ar-ge misyonu g\u00fcncellenerek, \u00fcniversite-sanayi i\u015fbirli\u011fi ile ekonomik katma de\u011fer \u00fcretebilecek alanlarda ar-ge \u00e7al\u0131\u015fmalar\u0131na \u00f6ncelik verilecektir.  Ayr\u0131ca, \u00fcniversitenin i\u00e7inde bulundu\u011fu toplum ve sosyal \u00e7evre ile b\u00fct\u00fcnle\u015fmesini sa\u011flayacak ve payda\u015flar\u0131n\u0131n geli\u015fimine y\u00f6nelik faaliyetler, rehberlik ve dan\u0131\u015fmanl\u0131k hizmetleri verilecektir. <\/p>\n\n\n\n<p>Elaz\u0131\u011f\u2019\u0131m\u0131z\u0131n t\u00fcm akt\u00f6rleri ile bir kent vizyonu \u00e7al\u0131\u015ftay\u0131 yap\u0131larak, sanayi, sa\u011fl\u0131k, e\u011fitim, g\u0131da ve tar\u0131m, &nbsp;turizm, lojistik, yapay zeka ve dijitalle\u015fme gibi alanlarda ortaya konulacak vizyon \u00e7er\u00e7evesinde, \u00dcniversite sorumluluk almaktan \u00e7ekinmeyecek ve bu \u015fehrin emrinde olacakt\u0131r. F\u0131rat \u00dcniversitesi, belirlenecek sekt\u00f6rlerde gerek projelerin geli\u015ftirilmesi ve gerekse projelerin y\u00fcr\u00fct\u00fclmesinde aktif g\u00f6rev alacakt\u0131r. \u015eehrin en \u00fcst d\u00fczey e\u011fitim-\u00f6\u011fretim kurumu olan \u00dcniversitemizin Elaz\u0131\u011f\u2019\u0131n gelece\u011fine y\u00f6n vermede s\u00f6yleyecek bir s\u00f6z\u00fc olmal\u0131d\u0131r.<\/p>\n\n\n\n<p>B\u00fct\u00fcn e\u011fitim hayat\u0131 ve ya\u015fam\u0131 Elaz\u0131\u011f da ge\u00e7mi\u015f bu \u015fehrin bir evlad\u0131 olarak, uzun y\u0131llard\u0131r gerek i\u015f d\u00fcnyas\u0131 ve gerekse sivil toplum kurulu\u015flar\u0131yla yak\u0131n \u00e7al\u0131\u015fmas\u0131ndan edindi\u011fi \u015fehir k\u00fclt\u00fcr\u00fcn\u00fc tan\u0131ma avantaj\u0131 ile Elaz\u0131\u011f\u2019\u0131m\u0131z\u0131n geli\u015fmesinde ve kalk\u0131nmas\u0131nda \u00f6nc\u00fc rol alacak bir F\u0131rat \u00dcniversitesi i\u00e7in rekt\u00f6rl\u00fck g\u00f6revine talibim ve bu misyonu benimseyen herkesten destek istiyorum.<\/p>\n\n\n\n<figure class=\"wp-block-image size-large\"><img loading=\"lazy\" decoding=\"async\" width=\"1024\" height=\"575\" src=\"https:\/\/ibrahimturkoglu.com\/wp-content\/uploads\/2024\/07\/KapiFoto1-1-1024x575.jpg\" alt=\"\" class=\"wp-image-901\" srcset=\"https:\/\/ibrahimturkoglu.com\/wp-content\/uploads\/2024\/07\/KapiFoto1-1-1024x575.jpg 1024w, https:\/\/ibrahimturkoglu.com\/wp-content\/uploads\/2024\/07\/KapiFoto1-1-300x168.jpg 300w, https:\/\/ibrahimturkoglu.com\/wp-content\/uploads\/2024\/07\/KapiFoto1-1-768x431.jpg 768w, https:\/\/ibrahimturkoglu.com\/wp-content\/uploads\/2024\/07\/KapiFoto1-1-1536x862.jpg 1536w, https:\/\/ibrahimturkoglu.com\/wp-content\/uploads\/2024\/07\/KapiFoto1-1.jpg 1922w\" sizes=\"(max-width: 1024px) 100vw, 1024px\" \/><\/figure>\n\n\n\n<p><strong>Bas\u0131ndan Haberler:<\/strong><\/p>\n\n\n\n<p><a href=\"https:\/\/www.youtube.com\/watch?v=gPZ6uFOOpAQ\" target=\"_blank\" rel=\"noreferrer noopener\">Kanal 23 TV Haberi<\/a><\/p>\n\n\n\n<p><a href=\"https:\/\/www.elazigdabugun.com\/haber\/20715007\/prof-dr-ibrahim-turkoglu-firat-universitesi-rektorlugune-aday-oldugunu-acikladi\" target=\"_blank\" rel=\"noreferrer noopener\">Elaz\u0131\u011fda Bug\u00fcn<\/a><\/p>\n\n\n\n<p><a href=\"https:\/\/www.elazigharputgazetesi.com\/haber\/prof-dr-turkoglu-firat-universitesi-rektor-adayi-2857.html\" target=\"_blank\" rel=\"noreferrer noopener\">Elaz\u0131\u011f Harput Gazetesi<\/a><\/p>\n\n\n\n<p><a href=\"https:\/\/www.elazigyenihaber.com\/turkoglu-rektor-adayligini-acikladi\/41507\" target=\"_blank\" rel=\"noreferrer noopener\">Elaz\u0131\u011f Yeni Haber Gazetesi<\/a><\/p>\n\n\n\n<p><a href=\"https:\/\/www.elazigsonhaber.com\/ibrahim-turkoglu-aday-oldugunu-acikladi#google_vignette\" target=\"_blank\" rel=\"noreferrer noopener\">Elaz\u0131\u011f Son Haber<\/a><\/p>\n\n\n\n<p><a href=\"https:\/\/www.gunisigigazetesi.net\/haber\/20718091\/turkoglu-rektor-adayi-oldu\" target=\"_blank\" rel=\"noreferrer noopener\">G\u00fcn I\u015f\u0131\u011f\u0131 Gazetesi<\/a><\/p>\n\n\n\n<p><a href=\"https:\/\/www.haber23tv.com\/haber\/prof-dr-ibrahim-turkoglu-firat-universitesi-rektor-adayi-oldu-4091.html\" target=\"_blank\" rel=\"noreferrer noopener\">Haber23 TV<\/a><\/p>\n\n\n\n<p><a href=\"https:\/\/www.elazigfirat.com\/haber\/20719165\/turkoglu-fu-rektorlugune-adayligini-acikladi#google_vignette\" target=\"_blank\" rel=\"noreferrer noopener\">Elaz\u0131\u011f F\u0131rat<\/a><\/p>\n\n\n\n<p><a href=\"https:\/\/www.kanal23.com\/haber\/egitim\/prof-dr-ibrahim-turkoglu-fu-rektorlugune-aday-oldugunu-acikladi-jcl9Chxr\" target=\"_blank\" rel=\"noreferrer noopener\">Kanal23<\/a><\/p>\n\n\n\n<p><a href=\"https:\/\/www.elazigdetayhaber.com\/turkoglu-fu-rektorlugu-ne-aday-oldugunu-acikladi\/15284\/?fbclid=IwZXh0bgNhZW0CMTEAAR3ToZVAngk3ypNNwLkhPR7B1tk4Y5D-QCPQWzy-FbeeZ1DhhGoQ_wthcC0_aem_yi_9Js9zyV4h40T1wml9IQ\" target=\"_blank\" rel=\"noreferrer noopener\">Elaz\u0131\u011f Detay Haber<\/a><\/p>\n\n\n\n<p><a href=\"https:\/\/www.haberayrinti.com\/ibrahim-turkoglu-f-u-rektorlugune-aday-oldugunu-acikladi\/22331\" target=\"_blank\" rel=\"noreferrer noopener\">Haber Ayr\u0131nt\u0131<\/a><\/p>\n\n\n\n<p><a href=\"https:\/\/www.ayisigigazetesi.com\/haber\/prof_dr_ibrahim_turkoglu_fu_rektorlugune_aday_oldugunu_acikladi-2148.html\" target=\"_blank\" rel=\"noreferrer noopener\">Ay I\u015f\u0131\u011f\u0131 Gazetesi<\/a><\/p>\n\n\n\n<p><\/p>\n\n\n<\/div>","protected":false},"excerpt":{"rendered":"<p>K\u00f6kl\u00fc bir ge\u00e7mi\u015fe sahip olan F\u0131rat \u00dcniversitesinin, \u00fcretti\u011fi bilgiyi \u015fehrin, b\u00f6lgenin ve \u00fclkenin kalk\u0131nmas\u0131 i\u00e7in ekonomik katma de\u011fere d\u00f6n\u00fc\u015ft\u00fcr\u00fclmesi vizyonu ile \u00fcniversite y\u00f6netimine talibim. Bu \u00e7er\u00e7evede, yar\u0131m asr\u0131 a\u015fan birikimi ile F\u0131rat \u00dcniversitesinin \u00fczerine d\u00fc\u015fen \u00f6nemli g\u00f6revlerden biri \u015fehrimizin ve b\u00f6lgemizin potansiyeli y\u00fcksek \u00f6zelliklerini g\u00fcn y\u00fcz\u00fcne \u00e7\u0131kararak sanayiye ve topluma kazand\u0131rmay\u0131 hedeflemekteyim. M\u00fchendislik alanlar\u0131ndaki birikimi &#8230;<\/p>\n","protected":false},"author":1,"featured_media":901,"comment_status":"closed","ping_status":"open","sticky":false,"template":"","format":"standard","meta":{"footnotes":""},"categories":[1],"tags":[],"_links":{"self":[{"href":"https:\/\/ibrahimturkoglu.com\/index.php?rest_route=\/wp\/v2\/posts\/899"}],"collection":[{"href":"https:\/\/ibrahimturkoglu.com\/index.php?rest_route=\/wp\/v2\/posts"}],"about":[{"href":"https:\/\/ibrahimturkoglu.com\/index.php?rest_route=\/wp\/v2\/types\/post"}],"author":[{"embeddable":true,"href":"https:\/\/ibrahimturkoglu.com\/index.php?rest_route=\/wp\/v2\/users\/1"}],"replies":[{"embeddable":true,"href":"https:\/\/ibrahimturkoglu.com\/index.php?rest_route=%2Fwp%2Fv2%2Fcomments&post=899"}],"version-history":[{"count":6,"href":"https:\/\/ibrahimturkoglu.com\/index.php?rest_route=\/wp\/v2\/posts\/899\/revisions"}],"predecessor-version":[{"id":946,"href":"https:\/\/ibrahimturkoglu.com\/index.php?rest_route=\/wp\/v2\/posts\/899\/revisions\/946"}],"wp:featuredmedia":[{"embeddable":true,"href":"https:\/\/ibrahimturkoglu.com\/index.php?rest_route=\/wp\/v2\/media\/901"}],"wp:attachment":[{"href":"https:\/\/ibrahimturkoglu.com\/index.php?rest_route=%2Fwp%2Fv2%2Fmedia&parent=899"}],"wp:term":[{"taxonomy":"category","embeddable":true,"href":"https:\/\/ibrahimturkoglu.com\/index.php?rest_route=%2Fwp%2Fv2%2Fcategories&post=899"},{"taxonomy":"post_tag","embeddable":true,"href":"https:\/\/ibrahimturkoglu.com\/index.php?rest_route=%2Fwp%2Fv2%2Ftags&post=899"}],"curies":[{"name":"wp","href":"https:\/\/api.w.org\/{rel}","templated":true}]}}