{"id":204,"date":"2019-06-13T21:30:10","date_gmt":"2019-06-13T21:30:10","guid":{"rendered":"http:\/\/ibrahimturkoglu.com\/?p=204"},"modified":"2019-06-13T21:30:10","modified_gmt":"2019-06-13T21:30:10","slug":"gelecegim-meslegim","status":"publish","type":"post","link":"https:\/\/ibrahimturkoglu.com\/?p=204","title":{"rendered":"Gelece\u011fim Mesle\u011fim"},"content":{"rendered":"<div class=\"entry\">\n<p>F\u0131rat Kalk\u0131nma Ajans\u0131 ve Elaz\u0131\u011f \u0130l Milli E\u011fitim M\u00fcd\u00fcrl\u00fc\u011f\u00fc taraf\u0131ndan \u201cGelece\u011fim Mesle\u011fim\u201d isimli Mesleki ve Teknik E\u011fitim Bilgilendirme konferans\u0131 ger\u00e7ekle\u015ftirildi. Konferansta, bir meslek lisesi mezunu olarak, mesleki ve teknik e\u011fitimin kendi kariyerim ve sosyal ya\u015fam\u0131mdaki etkilerini deneyimlerim \u00fczerinden ortaya koyan, \u00f6\u011frencilere ve ailelerine y\u00f6nelik bir sunum ger\u00e7ekle\u015ftirdik.<\/p>\n<p><img loading=\"lazy\" decoding=\"async\" class=\"aligncenter size-full wp-image-205\" src=\"http:\/\/ibrahimturkoglu.com\/wp-content\/uploads\/2019\/06\/FB_IMG_1560454466706.jpg\" alt=\"\" width=\"960\" height=\"640\" srcset=\"https:\/\/ibrahimturkoglu.com\/wp-content\/uploads\/2019\/06\/FB_IMG_1560454466706.jpg 960w, https:\/\/ibrahimturkoglu.com\/wp-content\/uploads\/2019\/06\/FB_IMG_1560454466706-300x200.jpg 300w, https:\/\/ibrahimturkoglu.com\/wp-content\/uploads\/2019\/06\/FB_IMG_1560454466706-768x512.jpg 768w\" sizes=\"(max-width: 960px) 100vw, 960px\" \/> <img loading=\"lazy\" decoding=\"async\" class=\"aligncenter size-large wp-image-207\" src=\"http:\/\/ibrahimturkoglu.com\/wp-content\/uploads\/2019\/06\/IMG-20190613-WA0007-1024x768.jpg\" alt=\"\" width=\"1024\" height=\"768\" srcset=\"https:\/\/ibrahimturkoglu.com\/wp-content\/uploads\/2019\/06\/IMG-20190613-WA0007-1024x768.jpg 1024w, https:\/\/ibrahimturkoglu.com\/wp-content\/uploads\/2019\/06\/IMG-20190613-WA0007-300x225.jpg 300w, https:\/\/ibrahimturkoglu.com\/wp-content\/uploads\/2019\/06\/IMG-20190613-WA0007-768x576.jpg 768w, https:\/\/ibrahimturkoglu.com\/wp-content\/uploads\/2019\/06\/IMG-20190613-WA0007.jpg 1599w\" sizes=\"(max-width: 1024px) 100vw, 1024px\" \/><\/p>\n<p>&nbsp;<\/p>\n<\/div>\n","protected":false},"excerpt":{"rendered":"<p>F\u0131rat Kalk\u0131nma Ajans\u0131 ve Elaz\u0131\u011f \u0130l Milli E\u011fitim M\u00fcd\u00fcrl\u00fc\u011f\u00fc taraf\u0131ndan \u201cGelece\u011fim Mesle\u011fim\u201d isimli Mesleki ve Teknik E\u011fitim Bilgilendirme konferans\u0131 ger\u00e7ekle\u015ftirildi. Konferansta, bir meslek lisesi mezunu olarak, mesleki ve teknik e\u011fitimin kendi kariyerim ve sosyal ya\u015fam\u0131mdaki etkilerini deneyimlerim \u00fczerinden ortaya koyan, \u00f6\u011frencilere ve ailelerine y\u00f6nelik bir sunum ger\u00e7ekle\u015ftirdik. &nbsp;<\/p>\n","protected":false},"author":1,"featured_media":206,"comment_status":"closed","ping_status":"open","sticky":false,"template":"","format":"standard","meta":{"footnotes":""},"categories":[1],"tags":[],"_links":{"self":[{"href":"https:\/\/ibrahimturkoglu.com\/index.php?rest_route=\/wp\/v2\/posts\/204"}],"collection":[{"href":"https:\/\/ibrahimturkoglu.com\/index.php?rest_route=\/wp\/v2\/posts"}],"about":[{"href":"https:\/\/ibrahimturkoglu.com\/index.php?rest_route=\/wp\/v2\/types\/post"}],"author":[{"embeddable":true,"href":"https:\/\/ibrahimturkoglu.com\/index.php?rest_route=\/wp\/v2\/users\/1"}],"replies":[{"embeddable":true,"href":"https:\/\/ibrahimturkoglu.com\/index.php?rest_route=%2Fwp%2Fv2%2Fcomments&post=204"}],"version-history":[{"count":1,"href":"https:\/\/ibrahimturkoglu.com\/index.php?rest_route=\/wp\/v2\/posts\/204\/revisions"}],"predecessor-version":[{"id":208,"href":"https:\/\/ibrahimturkoglu.com\/index.php?rest_route=\/wp\/v2\/posts\/204\/revisions\/208"}],"wp:featuredmedia":[{"embeddable":true,"href":"https:\/\/ibrahimturkoglu.com\/index.php?rest_route=\/wp\/v2\/media\/206"}],"wp:attachment":[{"href":"https:\/\/ibrahimturkoglu.com\/index.php?rest_route=%2Fwp%2Fv2%2Fmedia&parent=204"}],"wp:term":[{"taxonomy":"category","embeddable":true,"href":"https:\/\/ibrahimturkoglu.com\/index.php?rest_route=%2Fwp%2Fv2%2Fcategories&post=204"},{"taxonomy":"post_tag","embeddable":true,"href":"https:\/\/ibrahimturkoglu.com\/index.php?rest_route=%2Fwp%2Fv2%2Ftags&post=204"}],"curies":[{"name":"wp","href":"https:\/\/api.w.org\/{rel}","templated":true}]}}