{"id":1,"date":"2018-09-03T03:48:21","date_gmt":"2018-09-03T03:48:21","guid":{"rendered":"http:\/\/ibrahimturkoglu.com\/?p=1"},"modified":"2018-10-19T14:18:38","modified_gmt":"2018-10-19T14:18:38","slug":"hello-world","status":"publish","type":"post","link":"https:\/\/ibrahimturkoglu.com\/?p=1","title":{"rendered":"ENGELL\u0130 ENGELS\u0130Z YOK, \u00dcRETEN \u00c7ALI\u015eAN VAR!"},"content":{"rendered":"<div class=\"entry\">\n<div align=\"justify\">\n<p>T\u00fcrkiye\u2019de Engelli Politikalar\u0131n\u0131n \u00f6zel olarak gen\u00e7lik ekseninde \u015fekillenmesi i\u00e7in, Ulusal Ajans taraf\u0131ndan desteklenen \u201cEngelsiz Gen\u00e7lik Politikalar\u0131 \u2013 Engelleri A\u015f ve Kat\u0131l!\u201d projesi kapsam\u0131nda, d\u00fczenlenen ulusal zirveye konu\u015fmac\u0131 olarak kat\u0131l\u0131p, \u201cEngelliler i\u00e7in Mesleki E\u011fitim\u201d konulu sunumu ger\u00e7ekle\u015ftirdik. \u00d6ne \u00e7\u0131kan hususlar:<\/p>\n<p>1) Engellilerin kulland\u0131klar\u0131 yaz\u0131l\u0131mlar\u0131n, yerli \u00fcretiminin te\u015fviki i\u00e7in T\u00dcB\u0130TAK taraf\u0131ndan \u00f6zel proje \u00e7a<span class=\"text_exposed_show\">\u011fr\u0131s\u0131 d\u00fczenlenmesi,<\/span><\/p>\n<p><span class=\"text_exposed_show\"><br \/>\n2) Engellilerin ya\u015famlar\u0131n\u0131 kolayla\u015ft\u0131racak tasar\u0131mlar\u0131n ba\u015flang\u0131\u00e7ta planlanabilmesi i\u00e7in ilgili Teknik Okullar ve Fak\u00fcltelerde, \u201cEri\u015filebilirlik\u201d derslerinin konulmas\u0131,<\/span><\/p>\n<p><span class=\"text_exposed_show\"><br \/>\n3) T\u00fcrkiye\u2019deki n\u00fcfusun ~%13 engelli olup, s\u00fcrekli hastal\u0131\u011f\u0131 olmayanlar\u0131n ancak ~%21 istihdam edilmektedir. Bu oran\u0131n art\u0131r\u0131lmas\u0131 i\u00e7in engellilere y\u00f6nelik \u0130\u015eKUR destekli mesleki e\u011fitimlerin yayg\u0131nla\u015ft\u0131r\u0131lmas\u0131,<\/span><\/p>\n<p><span class=\"text_exposed_show\"><br \/>\n4) Yaz\u0131l\u0131m sekt\u00f6r\u00fcn\u00fcn engelliler i\u00e7in uygun bir meslek olabilece\u011fi; \u00e7\u00f6z\u00fcm bulmak, y\u00f6ntem geli\u015ftirmek bir engellinin g\u00fcnl\u00fck hayat\u0131nda zaten s\u0131kl\u0131kla yapt\u0131\u011f\u0131 bir \u015fey, bu y\u00fczden yaz\u0131l\u0131m mesle\u011finin engellilere \u00f6\u011fretilip, ba\u015far\u0131l\u0131 olanlar\u0131n\u0131n bili\u015fim sekt\u00f6r\u00fcnde de\u011ferlendirilmesi,\u00a0<\/span><\/p>\n<p><span class=\"text_exposed_show\"><br \/>\n5) Engellilerin istihdamda hak etti\u011fi yeri almas\u0131 i\u00e7in, profesyonel mesleki e\u011fitimlerin yan\u0131 s\u0131ra, staj olanaklar\u0131n\u0131n art\u0131r\u0131larak, engelli \u00e7al\u0131\u015fanlarla i\u015fverenlerin istihdam \u00f6ncesi birbirlerini daha yak\u0131ndan tan\u0131mas\u0131n\u0131n sa\u011flanmas\u0131.<\/span><\/p>\n<p><img loading=\"lazy\" decoding=\"async\" class=\"alignnone wp-image-47 size-full\" src=\"http:\/\/ibrahimturkoglu.com\/wp-content\/uploads\/2016\/05\/prof-ibrahim-t\u00fcrko\u011flu-stk.jpg\" alt=\"\" width=\"960\" height=\"720\" srcset=\"https:\/\/ibrahimturkoglu.com\/wp-content\/uploads\/2016\/05\/prof-ibrahim-t\u00fcrko\u011flu-stk.jpg 960w, https:\/\/ibrahimturkoglu.com\/wp-content\/uploads\/2016\/05\/prof-ibrahim-t\u00fcrko\u011flu-stk-300x225.jpg 300w, https:\/\/ibrahimturkoglu.com\/wp-content\/uploads\/2016\/05\/prof-ibrahim-t\u00fcrko\u011flu-stk-768x576.jpg 768w\" sizes=\"(max-width: 960px) 100vw, 960px\" \/><\/p>\n<p><img loading=\"lazy\" decoding=\"async\" class=\"alignnone wp-image-48 size-full\" src=\"http:\/\/ibrahimturkoglu.com\/wp-content\/uploads\/2016\/05\/prof-ibrahim-t\u00fcrko\u011flu.jpg\" alt=\"\" width=\"960\" height=\"720\" srcset=\"https:\/\/ibrahimturkoglu.com\/wp-content\/uploads\/2016\/05\/prof-ibrahim-t\u00fcrko\u011flu.jpg 960w, https:\/\/ibrahimturkoglu.com\/wp-content\/uploads\/2016\/05\/prof-ibrahim-t\u00fcrko\u011flu-300x225.jpg 300w, https:\/\/ibrahimturkoglu.com\/wp-content\/uploads\/2016\/05\/prof-ibrahim-t\u00fcrko\u011flu-768x576.jpg 768w\" sizes=\"(max-width: 960px) 100vw, 960px\" \/><\/p>\n<\/div>\n<\/div>\n","protected":false},"excerpt":{"rendered":"<p>T\u00fcrkiye\u2019de Engelli Politikalar\u0131n\u0131n \u00f6zel olarak gen\u00e7lik ekseninde \u015fekillenmesi i\u00e7in, Ulusal Ajans taraf\u0131ndan desteklenen \u201cEngelsiz Gen\u00e7lik Politikalar\u0131 \u2013 Engelleri A\u015f ve Kat\u0131l!\u201d projesi kapsam\u0131nda, d\u00fczenlenen ulusal zirveye konu\u015fmac\u0131 olarak kat\u0131l\u0131p, \u201cEngelliler i\u00e7in Mesleki E\u011fitim\u201d konulu sunumu ger\u00e7ekle\u015ftirdik. \u00d6ne \u00e7\u0131kan hususlar: 1) Engellilerin kulland\u0131klar\u0131 yaz\u0131l\u0131mlar\u0131n, yerli \u00fcretiminin te\u015fviki i\u00e7in T\u00dcB\u0130TAK taraf\u0131ndan \u00f6zel proje \u00e7a\u011fr\u0131s\u0131 d\u00fczenlenmesi, 2) Engellilerin &#8230;<\/p>\n","protected":false},"author":1,"featured_media":48,"comment_status":"closed","ping_status":"open","sticky":false,"template":"","format":"standard","meta":{"footnotes":""},"categories":[1],"tags":[],"_links":{"self":[{"href":"https:\/\/ibrahimturkoglu.com\/index.php?rest_route=\/wp\/v2\/posts\/1"}],"collection":[{"href":"https:\/\/ibrahimturkoglu.com\/index.php?rest_route=\/wp\/v2\/posts"}],"about":[{"href":"https:\/\/ibrahimturkoglu.com\/index.php?rest_route=\/wp\/v2\/types\/post"}],"author":[{"embeddable":true,"href":"https:\/\/ibrahimturkoglu.com\/index.php?rest_route=\/wp\/v2\/users\/1"}],"replies":[{"embeddable":true,"href":"https:\/\/ibrahimturkoglu.com\/index.php?rest_route=%2Fwp%2Fv2%2Fcomments&post=1"}],"version-history":[{"count":4,"href":"https:\/\/ibrahimturkoglu.com\/index.php?rest_route=\/wp\/v2\/posts\/1\/revisions"}],"predecessor-version":[{"id":50,"href":"https:\/\/ibrahimturkoglu.com\/index.php?rest_route=\/wp\/v2\/posts\/1\/revisions\/50"}],"wp:featuredmedia":[{"embeddable":true,"href":"https:\/\/ibrahimturkoglu.com\/index.php?rest_route=\/wp\/v2\/media\/48"}],"wp:attachment":[{"href":"https:\/\/ibrahimturkoglu.com\/index.php?rest_route=%2Fwp%2Fv2%2Fmedia&parent=1"}],"wp:term":[{"taxonomy":"category","embeddable":true,"href":"https:\/\/ibrahimturkoglu.com\/index.php?rest_route=%2Fwp%2Fv2%2Fcategories&post=1"},{"taxonomy":"post_tag","embeddable":true,"href":"https:\/\/ibrahimturkoglu.com\/index.php?rest_route=%2Fwp%2Fv2%2Ftags&post=1"}],"curies":[{"name":"wp","href":"https:\/\/api.w.org\/{rel}","templated":true}]}}